{"id":11036,"date":"2012-05-26T10:54:00","date_gmt":"2012-05-26T12:54:00","guid":{"rendered":"http:\/\/www.pedromigao.com.br\/ourodetolo\/2012\/05\/a-medica-e-a-jornalista-a-ameaca-da-hepatite-a\/"},"modified":"2012-05-26T10:54:00","modified_gmt":"2012-05-26T12:54:00","slug":"a-medica-e-a-jornalista-a-ameaca-da-hepatite-a","status":"publish","type":"post","link":"http:\/\/www.pedromigao.com.br\/ourodetolo\/2012\/05\/a-medica-e-a-jornalista-a-ameaca-da-hepatite-a\/","title":{"rendered":"A M\u00e9dica e a Jornalista &#8211; &quot;A amea\u00e7a da Hepatite A&quot;"},"content":{"rendered":"<div><a href=\"http:\/\/2.bp.blogspot.com\/-Zx2SpZNb0FY\/T75Zak0D5tI\/AAAAAAAAE0U\/p963cmtEp9s\/s1600\/Conf+Mangaratiba+(7).JPG\" imageanchor=\"1\"><img loading=\"lazy\" decoding=\"async\" border=\"0\" height=\"426\" qba=\"true\" src=\"http:\/\/www.pedromigao.com.br\/ourodetolo\/wp-content\/uploads\/2012\/05\/Conf+Mangaratiba+7.jpg\" width=\"640\"><\/a><\/div>\n<div>Neste s\u00e1bado, mais uma edi\u00e7\u00e3o <strong>da coluna &#8220;A M\u00e9dica e a Jornalista&#8221;, assinada pela Anna Barros<\/strong>. O tema de hoje \u00e9 a preven\u00e7\u00e3o \u00e0 hepatite A.<\/p>\n<p><strong><em>A amea\u00e7a da Hepatite A<\/em><\/strong><\/div>\n<div><\/div>\n<div>A hepatite A \u00e9 uma doen\u00e7a infecciosa causada pelo v\u00edrus A. Ele \u00e9 encontrado principalmente em \u00e1gua contaminada e nas fezes de pessoas infectadas. Como tem um ciclo fecal-oral acomete mais com crian\u00e7as, mas tamb\u00e9m pode atingir os adultos. H\u00e1 um surto da doen\u00e7a inclusive na cidade de Mangaratiba (foto), na Costa Verde do Rio de Janeiro.<\/p>\n<p>Pode se contrair a doen\u00e7a ao se beber \u00e1gua contaminada com as fezes que tenham o v\u00edrus da Hepatite A ou ao comer alimentos contaminados da mesma forma. Tamb\u00e9m pode haver o cont\u00e1gio ao manter contato com fezes de pessoas que tenham a doen\u00e7a e quando n\u00e3o h\u00e1 a higiene adequada ao se lavar as m\u00e3os ap\u00f3s urinar e defecar. Esse \u00faltimo h\u00e1bito de higiene \u00e9 fundamental para n\u00e3o se contrair doen\u00e7as, principalmente a gripe su\u00edna.<\/p>\n<p>A incid\u00eancia \u00e9 maior nos locais onde o saneamento b\u00e1sico \u00e9 prec\u00e1rio. <\/p>\n<p>Os sintomas podem custar a aparecer. O per\u00edodo de incuba\u00e7\u00e3o leva de duas a seis semanas, mas a pessoa infectada pode transmitir o v\u00edrus. Apenas uma minoria apresenta os sintomas: febre, dores musculares, cansa\u00e7o, mal-estar, n\u00e1useas e v\u00f4mitos. Tamb\u00e9m podem acontecer icter\u00edcia, urina cor de &#8216;coca-cola&#8217; e fezes amarelo-esbranqui\u00e7adas.<\/p>\n<p>O diagn\u00f3stico \u00e9 feito atrav\u00e9s dos sintomas e da detec\u00e7\u00e3o de anticorpos contra o v\u00edrus da hepaite A, HsBg A, no sangue ou sua presen\u00e7a nas fezes. O grupo de risco \u00e9 formado pelas crian\u00e7as, os adultos que interagem com elas e os profissionais de sa\u00fade.<\/p>\n<p>Em geral, a doen\u00e7a se resolve em um a dois meses. Em alguns casos pode demorar seis meses para desaparecer. \u00c9 uma doen\u00e7a benigna mas que pode gerar complica\u00e7\u00f5es graves, entre elas a hepatite fulminante &#8211; que pode matar e se detecta com a necrose maci\u00e7a do f\u00edgado.<\/p>\n<p>N\u00e3o existe tratamento espec\u00edfico. Pede-se repouso e al\u00edvio dos sintomas com medica\u00e7\u00e3o espec\u00edfica. Para a febre, evita-se o paracetamol porque seu uso em excesso pode causar transtornos no f\u00edgado.O paciente deve ser orientado por um m\u00e9dico e obedecer \u00e0s suas instru\u00e7\u00f5es quanto \u00e0s medica\u00e7\u00f5es sintom\u00e1ticas.<\/p>\n<p>Alguns cuidados devem ser tomados: beber \u00e1gua fervida ou filtrada; n\u00e3o comer frutos do mar mal cozidos ou crus; evitar consumo de comidas ou bebidas em que n\u00e3o se saiba a proced\u00eancia ou como foram preparados; lavar as m\u00e3os criteriosamente antes das refei\u00e7\u00f5es e ap\u00f3s usar o banheiro; n\u00e3o tomar bebidas alco\u00f3licas no decorrer da doen\u00e7a e ap\u00f3s tr\u00eas meses ; tomar cuidado com alicates de sal\u00e3o de beleza, checando se s\u00e3o corretamente esterilizados.<\/p>\n<p>\u00c9 interessante que todos se vacinem contra a hepatite A, principalmente as crian\u00e7as. <\/p>\n<p>Todo cuidado \u00e9 pouco com a hepatite A. At\u00e9 a pr\u00f3xima!<\/p>\n<p>Grande abra\u00e7o,<br \/>Anna Barros<\/div>\n","protected":false},"excerpt":{"rendered":"<p>Neste s\u00e1bado, mais uma edi\u00e7\u00e3o da coluna &#8220;A M\u00e9dica e a Jornalista&#8221;, assinada pela Anna Barros. O tema de hoje \u00e9 a preven\u00e7\u00e3o \u00e0 hepatiteTour Details<\/p>\n","protected":false},"author":2,"featured_media":0,"comment_status":"open","ping_status":"open","sticky":false,"template":"","format":"standard","meta":{"footnotes":""},"categories":[5],"tags":[3,4,6],"class_list":["post-11036","post","type-post","status-publish","format-standard","hentry","category-a-medica-e-a-jornalista","tag-medicina","tag-saude","tag-vida-cotidiana"],"_links":{"self":[{"href":"http:\/\/www.pedromigao.com.br\/ourodetolo\/wp-json\/wp\/v2\/posts\/11036","targetHints":{"allow":["GET"]}}],"collection":[{"href":"http:\/\/www.pedromigao.com.br\/ourodetolo\/wp-json\/wp\/v2\/posts"}],"about":[{"href":"http:\/\/www.pedromigao.com.br\/ourodetolo\/wp-json\/wp\/v2\/types\/post"}],"author":[{"embeddable":true,"href":"http:\/\/www.pedromigao.com.br\/ourodetolo\/wp-json\/wp\/v2\/users\/2"}],"replies":[{"embeddable":true,"href":"http:\/\/www.pedromigao.com.br\/ourodetolo\/wp-json\/wp\/v2\/comments?post=11036"}],"version-history":[{"count":0,"href":"http:\/\/www.pedromigao.com.br\/ourodetolo\/wp-json\/wp\/v2\/posts\/11036\/revisions"}],"wp:attachment":[{"href":"http:\/\/www.pedromigao.com.br\/ourodetolo\/wp-json\/wp\/v2\/media?parent=11036"}],"wp:term":[{"taxonomy":"category","embeddable":true,"href":"http:\/\/www.pedromigao.com.br\/ourodetolo\/wp-json\/wp\/v2\/categories?post=11036"},{"taxonomy":"post_tag","embeddable":true,"href":"http:\/\/www.pedromigao.com.br\/ourodetolo\/wp-json\/wp\/v2\/tags?post=11036"}],"curies":[{"name":"wp","href":"https:\/\/api.w.org\/{rel}","templated":true}]}}