{"id":10859,"date":"2012-11-02T08:57:00","date_gmt":"2012-11-02T10:57:00","guid":{"rendered":"http:\/\/www.pedromigao.com.br\/ourodetolo\/2012\/11\/saudade-sim-tristeza-nao\/"},"modified":"2012-11-02T08:57:00","modified_gmt":"2012-11-02T10:57:00","slug":"saudade-sim-tristeza-nao","status":"publish","type":"post","link":"http:\/\/www.pedromigao.com.br\/ourodetolo\/2012\/11\/saudade-sim-tristeza-nao\/","title":{"rendered":"Saudade Sim, Tristeza N\u00e3o"},"content":{"rendered":"<div><a href=\"http:\/\/1.bp.blogspot.com\/_KYflagr2MuI\/S93-a-T6lzI\/AAAAAAAACFU\/IC9ZlKk7vK4\/s1600\/Solo+Sagrado+01_05_2010+005.jpg\" imageanchor=\"1\"><img loading=\"lazy\" decoding=\"async\" border=\"0\" height=\"480\" src=\"http:\/\/www.pedromigao.com.br\/ourodetolo\/wp-content\/uploads\/2012\/11\/Solo+Sagrado+01_05_2010+005.jpg\" width=\"640\"><\/a><\/div>\n<div><\/div>\n<div><\/div>\n<div>02 de novembro, em muitas tradi\u00e7\u00f5es religiosas &#8211; especialmente a religi\u00e3o crist\u00e3 &#8211; \u00e9 um dia de contri\u00e7\u00e3o e tristeza. Dia de lembrar os entes queridos que se foram.<\/p>\n<p>Para n\u00f3s messi\u00e2nicos, ao contr\u00e1rio, hoje \u00e9 dia de festa. \u00c9 dia de cultuar os nossos antepassados, lembrar-lhes, fazer-lhes as devidas rever\u00eancias e receb\u00ea-los em nossos lares limpos, asseados e com flores e m\u00fasica. &#8216;Saudade sim, tristeza n\u00e3o&#8217;, como diz um eminente p\u00e1roco da pr\u00f3pria Igreja Cat\u00f3lica.<\/p>\n<p>Todo ano, no Solo Sagrado do Brasil &#8211; nosso principal templo, como mostrei aqui em outras ocasi\u00f5es e local da foto de hoje &#8211; e nas igrejas de todo o pa\u00eds h\u00e1 a Prece \u00e0s Almas dos Antepassados.<\/p>\n<p>\u00c9 dia de colocar a melhor roupa, limpar a casa, lembrar de nossos bons momentos e expressar gratid\u00e3o a todos os que nos antecederam e abriram caminho para a nossa exist\u00eancia. Agora eles est\u00e3o em outro plano, outra dimens\u00e3o, mas sempre empenhados no Plano Divino. Em nossa tradi\u00e7\u00e3o religiosa, \u00e9 o dia \u00fanico do ano onde nossos entes queridos que se encontram na outra dimens\u00e3o podem estar mais pr\u00f3ximos \u00e0 gente.<\/p>\n<p>Ando meio afastado do dia a dia da Igreja por quest\u00f5es que aqui n\u00e3o vem ao caso, mas a minha F\u00e9 continua inabal\u00e1vel. <\/p>\n<p>Quanto mais felizes e desapegados estamos, mais felizes eles tamb\u00e9m estar\u00e3o no Mundo Espiritual.<\/p>\n<p>Aproveito para disponibilizar aos leitores Ensinamento que pode ser visto como reflex\u00e3o na data de hoje. De autoria de Mestre Meishu Sama (Mokiti Okada), nosso Fundador, \u00e9 a mensagem para o dia de hoje.<\/p>\n<p><i>&#8220;Em poucas palavras, chama-se milagre a realiza\u00e7\u00e3o daquilo que achamos  imposs\u00edvel, mas, na verdade, nada acontece por acaso. (&#8230;)<\/p>\n<p>A  id\u00e9ia preconcebida de que determinada coisa nunca poder\u00e1 acontecer, j\u00e1  constitui um erro, pois leva em considera\u00e7\u00e3o apenas aquilo que se  manifesta exteriormente, isto \u00e9, as apar\u00eancias. Como at\u00e9 agora o  pensamento da maioria dos homens baseava-se em conceitos materialistas,  se \u00e0s vezes sucede algo diferente, eles pensam que se trata de milagre.  Por exemplo: uma crian\u00e7a cair de um penhasco e n\u00e3o sofrer nada; um carro  bater numa bicicleta e n\u00e3o haver ferimentos nem preju\u00edzos; uma pessoa  se salvar por ter se atrasado e perdido um trem que depois descarrilhou,  virou ou colidiu com outro; um ladr\u00e3o que estava entrando numa casa  fugir, pela ministra\u00e7\u00e3o do Johrei; uma pessoa recuperar o que lhe foi  roubado; um inc\u00eandio que havia se alastrado at\u00e9 \u00e0 casa do vizinho ser  desviado, devido \u00e0 repentina mudan\u00e7a de dire\u00e7\u00e3o do vento, por efeito do  Johrei.<\/p>\n<p>Com os fi\u00e9is da nossa Igreja ocorrem constantemente  grandes e pequenos milagres, isto \u00e9, fatos fora do comum. E por que  motivo eles ocorrem? Onde est\u00e1 a causa? Creio que todos querem sab\u00ea-lo.<\/p>\n<p>\u00c9 claro que a verdadeira raz\u00e3o do milagre est\u00e1 no Mundo Espiritual. (&#8230;)<\/p>\n<p>O\u00a0  homem\u00a0 possui\u00a0 aquilo\u00a0 a\u00a0 que\u00a0 chamamos\u00a0 aura,\u00a0 que\u00a0 \u00e9\u00a0 como\u00a0 se\u00a0  fosse\u00a0 a vestimenta do esp\u00edrito. (&#8230;) Sua largura \u00e9 vari\u00e1vel, e isso se  deve ao grau de pureza do esp\u00edrito; quanto mais puro ele for, mais  larga \u00e9 a aura. (&#8230;) Ao contr\u00e1rio, se o corpo e o esp\u00edrito s\u00e3o impuros,  a aura \u00e9 estreita e t\u00eanue. Em caso de desastre, por exemplo, na hora  exata em que um carro \u2013 que tamb\u00e9m possui esp\u00edrito \u2013 vai bater numa  pessoa, n\u00e3o conseguir\u00e1 atingi-la se for algu\u00e9m de aura larga. Ela se  salva, porque \u00e9 afastada para o lado. Pessoas assim, quando caem de um  local alto, mesmo indo de encontro ao esp\u00edrito da terra ou de uma pedra,  n\u00e3o se machucam, apenas batem de leve.<\/p>\n<p>As casas tamb\u00e9m possuem  esp\u00edrito, de modo que, se o dono for virtuoso, a aura da casa ser\u00e1  larga; no caso de inc\u00eandio, o esp\u00edrito do fogo n\u00e3o a atinge, pois \u00e9  barrado pela aura. Por isso, na ocasi\u00e3o do grande inc\u00eandio de Atami, a  sede provis\u00f3ria da nossa Igreja foi milagrosamente poupada. Se ocorre o  contr\u00e1rio \u2013 o que \u00e9 dif\u00edcil \u2013 \u00e9 porque h\u00e1 necessidade de queimar  impurezas; por conseguinte, o fato obedece ao Plano de Deus. (&#8230;)<\/p>\n<p>Como\u00a0  vemos,\u00a0 o\u00a0 milagre\u00a0 n\u00e3o\u00a0 ocorre\u00a0 absolutamente\u00a0 por\u00a0 coincid\u00eancia\u00a0 ou\u00a0  por acaso; h\u00e1 sempre uma raz\u00e3o. Se compreenderem isso, ver\u00e3o que ele n\u00e3o  tem nada de sobrenatural. Para mim, o natural \u00e9 haver milagres; se n\u00e3o  houver \u00e9 que eu acho estranho. (&#8230;)<\/p>\n<p>Creio que aqueles que t\u00eam f\u00e9  profunda e acumularam virtudes, j\u00e1 passaram por muitas experi\u00eancias  nesse sentido. Portanto, se o homem pensar e praticar o bem, acumular  virtudes e fizer esfor\u00e7os para tornar mais larga sua aura, jamais lhe  acontecer\u00e3o desgra\u00e7as inesperadas.<\/i><\/p>\n<div><i><br \/>Meishu-Sama em 5 de junho de 1951<\/i><\/div>\n<div><i>\u00a0<\/i><\/div>\n<div><i>Extra\u00eddo do livro: Alicerce do Para\u00edso v. 2 (trechos)<\/i><i>&#8220;<\/i><\/div>\n<\/div>\n<div><\/div>\n<div>Para saber mais: <a href=\"http:\/\/www.messianica.org.br\/\">Igreja Messi\u00e2nica<\/a><\/div>\n","protected":false},"excerpt":{"rendered":"<p>02 de novembro, em muitas tradi\u00e7\u00f5es religiosas &#8211; especialmente a religi\u00e3o crist\u00e3 &#8211; \u00e9 um dia de contri\u00e7\u00e3o e tristeza. Dia de lembrar os entesTour Details<\/p>\n","protected":false},"author":2,"featured_media":0,"comment_status":"open","ping_status":"open","sticky":false,"template":"","format":"standard","meta":{"footnotes":""},"categories":[289],"tags":[10,9],"class_list":["post-10859","post","type-post","status-publish","format-standard","hentry","category-pedro-migao","tag-igreja-messianica","tag-religiao"],"_links":{"self":[{"href":"http:\/\/www.pedromigao.com.br\/ourodetolo\/wp-json\/wp\/v2\/posts\/10859","targetHints":{"allow":["GET"]}}],"collection":[{"href":"http:\/\/www.pedromigao.com.br\/ourodetolo\/wp-json\/wp\/v2\/posts"}],"about":[{"href":"http:\/\/www.pedromigao.com.br\/ourodetolo\/wp-json\/wp\/v2\/types\/post"}],"author":[{"embeddable":true,"href":"http:\/\/www.pedromigao.com.br\/ourodetolo\/wp-json\/wp\/v2\/users\/2"}],"replies":[{"embeddable":true,"href":"http:\/\/www.pedromigao.com.br\/ourodetolo\/wp-json\/wp\/v2\/comments?post=10859"}],"version-history":[{"count":0,"href":"http:\/\/www.pedromigao.com.br\/ourodetolo\/wp-json\/wp\/v2\/posts\/10859\/revisions"}],"wp:attachment":[{"href":"http:\/\/www.pedromigao.com.br\/ourodetolo\/wp-json\/wp\/v2\/media?parent=10859"}],"wp:term":[{"taxonomy":"category","embeddable":true,"href":"http:\/\/www.pedromigao.com.br\/ourodetolo\/wp-json\/wp\/v2\/categories?post=10859"},{"taxonomy":"post_tag","embeddable":true,"href":"http:\/\/www.pedromigao.com.br\/ourodetolo\/wp-json\/wp\/v2\/tags?post=10859"}],"curies":[{"name":"wp","href":"https:\/\/api.w.org\/{rel}","templated":true}]}}