{"id":10857,"date":"2012-11-04T08:17:00","date_gmt":"2012-11-04T10:17:00","guid":{"rendered":"http:\/\/www.pedromigao.com.br\/ourodetolo\/2012\/11\/orun-aye-dez-anos-do-tri-e-mais-algumas-finais\/"},"modified":"2012-11-04T08:17:00","modified_gmt":"2012-11-04T10:17:00","slug":"orun-aye-dez-anos-do-tri-e-mais-algumas-finais","status":"publish","type":"post","link":"http:\/\/www.pedromigao.com.br\/ourodetolo\/2012\/11\/orun-aye-dez-anos-do-tri-e-mais-algumas-finais\/","title":{"rendered":"Orun Ay\u00e9 &#8211; &quot;Dez anos do tri &#8211; e mais algumas finais&quot;"},"content":{"rendered":"<div><\/div>\n<p><\/p>\n<div>Neste domingo em que completo 38 anos de idade &#8211; com muito pouco a celebrar, diga-se &#8211; a<b> coluna &#8220;Orun Ay\u00e9&#8221;, do compositor Aloisio Villar<\/b>, conta algumas saborosas hist\u00f3rias de disputas de samba.<\/div>\n<div><\/div>\n<div>O colunista se esqueceu, mas na pr\u00f3xima sexta feira disputaremos a final da Acad\u00eamicos do Dend\u00ea, do hoje Grupo C. Ser\u00e1 minha sexta final na agremia\u00e7\u00e3o.<\/div>\n<div><\/div>\n<div><!--[if gte mso 9]><xml> <w:WordDocument>  <w:View>Normal<\/w:View>  <w:Zoom>0<\/w:Zoom>  <w:HyphenationZone>21<\/w:HyphenationZone>  <w:PunctuationKerning\/>  <w:ValidateAgainstSchemas\/>  <w:SaveIfXMLInvalid>false<\/w:SaveIfXMLInvalid>  <w:IgnoreMixedContent>false<\/w:IgnoreMixedContent>  <w:AlwaysShowPlaceholderText>false<\/w:AlwaysShowPlaceholderText>  <w:Compatibility>   <w:BreakWrappedTables\/>   <w:SnapToGridInCell\/>   <w:WrapTextWithPunct\/>   <w:UseAsianBreakRules\/>   <w:DontGrowAutofit\/>  <\/w:Compatibility>  <w:BrowserLevel>MicrosoftInternetExplorer4<\/w:BrowserLevel> <\/w:WordDocument><\/xml><![endif]--><!--[if gte mso 9]><xml> <w:LatentStyles DefLockedState=\"false\" LatentStyleCount=\"156\"> <\/w:LatentStyles><\/xml><![endif]--><!--[if gte mso 10]>\n\n<style> \/* Style Definitions *\/  table.MsoNormalTable  {mso-style-name:\"Tabela normal\";  mso-tstyle-rowband-size:0;  mso-tstyle-colband-size:0;  mso-style-noshow:yes;  mso-style-parent:\"\";  mso-padding-alt:0cm 5.4pt 0cm 5.4pt;  mso-para-margin:0cm;  mso-para-margin-bottom:.0001pt;  mso-pagination:widow-orphan;  font-size:10.0pt;  font-family:\"Times New Roman\";  mso-ansi-language:#0400;  mso-fareast-language:#0400;  mso-bidi-language:#0400;} <\/style>\n\n<![endif]--> <\/div>\n<div><u><i><b>Dez anos do tri &#8211; e mais algumas finais <\/b><\/i><\/u><\/div>\n<div><\/div>\n<div>Neste domingo \u00e9 a final de samba-enredo no Boi da Ilha e eu estou na disputa. Quem me acompanha sabe que o Boi da Ilha \u00e9 o meu ber\u00e7o. Estou na escola desde 1997, quando peguei a sinopse do enredo \u201cC\u00edrio de Nazar\u00e9\u201d para o carnaval de 98. L\u00e1 cheguei \u00e0 minha primeira final no mesmo ano e ganhei meu primeiro samba em 2000 &#8211; para o carnaval 2001.<span>\u00a0 <\/span><\/div>\n<div><\/div>\n<div>J\u00e1 fiz coluna sobre a vit\u00f3ria de 2001 e o bicampeonato de 2002. Aproveitando esse dia de final, onde busco a sexta vit\u00f3ria na agremia\u00e7\u00e3o, falarei sobre nosso pol\u00eamico tricampeonato conquistado em outubro de 2002: portanto, completando dez anos.<\/div>\n<div><\/div>\n<div>Ganhamos o samba do carnaval 2002 e o Boi fez um grande desfile debaixo de chuva, com todas as dificuldades que uma escola de samba pequena passa. Pela primeira vez um samba meu foi transmitido pela televis\u00e3o &#8211; a CNT mostrou o grupo de acesso naquele ano &#8211; e pela primeira vez o Boi competiu com a Uni\u00e3o da Ilha, perdendo por pouco apesar de ter desfilado melhor.<\/div>\n<div><\/div>\n<div>Foi com essa grande confian\u00e7a que o Boi partiu para o carnaval 2003. Tinha uma grande equipe de carnaval, formada pelo Mestre Jonas que ganhou o S@mba-Net de melhor bateria, o Roger Linhares como cantor, uma comunidade participativa, que gostava da escola.<\/div>\n<div><\/div>\n<div>Mas foi perdendo tudo isso ao longo do ano. <\/div>\n<div><\/div>\n<div>Perdeu o Jonas para a Inocentes da Baixada, o Roger Linhares teve proposta do Imp\u00e9rio da Casa Verde (estreante no Grupo Especial de S\u00e3o Paulo) e optou por l\u00e1. Grandes perdas que vieram acompanhadas de dois grandes erros.<\/div>\n<div><\/div>\n<div>O primeiro foi tirar seus ensaios da quadra da Freguesia. O Boi sempre teve aquela quadra como sua casa, como o local da sua comunidade. Agora que perdeu essa quadra em definitivo vem sofrendo muito com essa perda de identidade, e o segundo erro o enredo escolhido.<\/div>\n<div><\/div>\n<div>O presidente Eloy teve a oportunidade de contratar o carnavalesco Paulo Barros, mas n\u00e3o quis gastar dinheiro. Preferiu o j\u00e1 falecido carnavalesco Cl\u00e1udio de Jesus e ele que j\u00e1 trabalhava no carnaval de Cabo Frio fez um enredo sobre a cidade. <\/div>\n<div><\/div>\n<div>Cl\u00e1udio n\u00e3o tinha experi\u00eancia como carnavalesco e fez uma sinopse comum, caindo no lugar comum das coisas da cidade &#8211; n\u00e3o dando oportunidade de criar como fizemos no enredo sobre Holambra, onde colocamos as flores em primeiro lugar.<\/div>\n<div><\/div>\n<div>Nesse ano tivemos uma aventura na Portela, com o samba sendo cortado rapidamente. Isso acabou ajudando na confec\u00e7\u00e3o do samba do Boi, j\u00e1 que pegamos algumas partes dele pra usar. Mantivemos a parceria do ano anterior e o mesmo time de palco. O samba era assim:<\/div>\n<div><\/div>\n<div><i>Compositores: Aloisio Villar, Paulo Travassos, Roger Linhares, Cadinho e Mestre Arer\u00ea<\/i><\/div>\n<div><\/div>\n<div><i>A vinda do descobridor<\/i><\/div>\n<div><i>Deu vida a imagina\u00e7\u00e3o<\/i><\/div>\n<div><i>Homem branco navega<\/i><\/div>\n<div><i>Em busca de coloniza\u00e7\u00e3o<\/i><\/div>\n<div><i>Encontra o dono da terra<\/i><\/div>\n<div><i>\u00cdndio \u00e9 forte, \u00e9 valente<\/i><\/div>\n<div><i>Vai a luta, entra em guerra<\/i><\/div>\n<div><i>Sobre a \u00e1rea conquistada<\/i><\/div>\n<div><i>Agricultura \u00e9 plantada<\/i><\/div>\n<div><i>O sal \u00e9 fonte desse ch\u00e3o<\/i><\/div>\n<div><\/div>\n<div><b><i>Joga rede no mar pescador<\/i><\/b><\/div>\n<div><b><i>Agrade\u00e7a o alimento ao criador<\/i><\/b><\/div>\n<div><b><i>Vou mergulhar nessa magia<\/i><\/b><\/div>\n<div><b><i>Nesse balan\u00e7o vou at\u00e9 raiar o dia<\/i><\/b><\/div>\n<div><\/div>\n<div><i>O Sol, as praias lindas, a brisa no ar<\/i><\/div>\n<div><i>No cais meu bem eu vou te namorar<\/i><\/div>\n<div><i>Curtir a paisagem<\/i><\/div>\n<div><i>Esporte \u00e9 vida, lazer e sa\u00fade<\/i><\/div>\n<div><i>Fonte da juventude<\/i><\/div>\n<div><i>\u00c9 noite no para\u00edso tropical<\/i><\/div>\n<div><i>O rei momo alegra a Cabofolia<\/i><\/div>\n<div><i>Vou brincar meu carnaval<\/i><\/div>\n<div><\/div>\n<div><b><i>Em quinhentos anos de gl\u00f3rias<\/i><\/b><\/div>\n<div><b><i>Cabo Frio conta e canta sua hist\u00f3ria<\/i><\/b><\/div>\n<div><b><i>Vamos brincar, vamos brindar, pode aplaudir<\/i><\/b><\/div>\n<div><b><i>A minha escola hoje na Sapuca\u00ed<\/i><\/b><\/div>\n<div><\/div>\n<div>Come\u00e7amos forte essa disputa, com toda pinta de tricampeonato, mas aos poucos come\u00e7ou um burburinho sobre o samba da parceria que veio de Cabo Frio disputar. Algumas pessoas disseram que a ajuda do munic\u00edpio estava condicionada \u00e0 vit\u00f3ria desse samba, outras que o carnavalesco estava \u2018fechado\u2019 com eles.<\/div>\n<div><\/div>\n<div>O samba tinha partes boas, mas era ing\u00eanuo em outras e sua vit\u00f3ria seria uma temeridade. Apesar de achar esse nosso samba abaixo dos dois vitoriosos de antes, tinha consci\u00eancia que o nosso era o melhor e assim como toda a parceria me preocupava com essas hist\u00f3rias.<\/div>\n<div><\/div>\n<div>Nosso forte palco composto por Roger Linhares, Nando Pessoa e Cadinho foi refor\u00e7ado por Fl\u00e1vio Martins. Era o melhor disparado da disputa, mas mesmo com o melhor samba e melhor palco chegou uma hora que o samba n\u00e3o rendia mais o que rendia no come\u00e7o. Muito devido ao disse me disse.<\/div>\n<div><\/div>\n<div>Na semana da final surgiu a hist\u00f3ria de jun\u00e7\u00e3o. <\/div>\n<div><\/div>\n<div>Eu nunca passara por uma jun\u00e7\u00e3o de samba e nem sabia como era a montagem de uma. Na v\u00e9spera da final estava na aula da p\u00f3s gradua\u00e7\u00e3o e meu telefone n\u00e3o parava, com os parceiros ligando e tentando pensar numa alternativa de ganharmos o samba. Chegamos a pensar na possibilidade do Roger vir de S\u00e3o Paulo ao Rio cantar o samba do Boi na avenida, para ver se assim sensibilizava o Eloy, mas era invi\u00e1vel.<span>\u00a0 <\/span><\/div>\n<div><\/div>\n<div>Fomos para a final de samba sem saber o que ocorreria, e cada parceria teria que se apresentar duas vezes. Nossa primeira apresenta\u00e7\u00e3o, apesar da torcida imensa, foi ruim. A tens\u00e3o aumentava. Minha m\u00e3e sentiu, perguntava o que ocorria e eu desconversava. No intervalo das apresenta\u00e7\u00f5es vieram nos contar que a parceria de Cabo Frio venceria sozinha.<\/div>\n<div><\/div>\n<div>Reunimo-nos do lado de fora do clube do Cocot\u00e1, onde eram realizadas as eliminat\u00f3rias, para decidir o que se faria. Ficamos revoltados com a hist\u00f3ria de derrota, de perder por um samba inferior por motivos que ningu\u00e9m sabia ao certo quais; decidimos mostrar na segunda apresenta\u00e7\u00e3o qual era o samba.<\/div>\n<div><\/div>\n<div>Maior parte da nossa torcida j\u00e1 tinha ido embora, mas fizemos uma senhora apresenta\u00e7\u00e3o. N\u00e3o s\u00f3 a melhor apresenta\u00e7\u00e3o nossa naquele ano, mas pra mim junto com a apresenta\u00e7\u00e3o final do Boi em 1998, de estr\u00e9ia do Roger em nosso samba do Boi no carnaval de 2001, final no Dend\u00ea em 2008 e nossa semifinal na Ilha ano passado, as nossas maiores apresenta\u00e7\u00f5es em samba at\u00e9 hoje.<\/div>\n<div><\/div>\n<div>A diretoria toda se reuniu e ficou perfilada para ver aquela apresenta\u00e7\u00e3o de garra, raivosa e se existia alguma d\u00favida sobre resultado acabou ali.<\/div>\n<div><\/div>\n<div>Pouco depois o resultado foi anunciado e eles realmente venceram, mas foi jun\u00e7\u00e3o. Era o nosso tricampeonato, que deixou n\u00e3o s\u00f3 minha m\u00e3e aborrecida como muita gente furiosa na escola, inclusive meu amigo Anderson Baltar que n\u00e3o se conformava de n\u00e3o vencermos sozinhos e um tempo depois largou a escola. Foi pol\u00eamico, fez mal ao Boi, mas est\u00e1vamos com a alma lavada: eles n\u00e3o levaram sozinhos.<\/div>\n<div><\/div>\n<div>O Eloy anunciou que s\u00f3 durante a semana as pessoas conheceriam o samba do Boi e assim todos foram embora nesse anticl\u00edmax. Gra\u00e7as a essa decis\u00e3o errada o Boi n\u00e3o saboreou uma das maiores vit\u00f3rias de sua hist\u00f3ria. <\/div>\n<div><\/div>\n<div>A final da Uni\u00e3o da Ilha era na mesma noite e a quadra da Ilha ficou vazia at\u00e9 que a final, lotada, do Boi acabasse. S\u00f3 com o fim do Boi a quadra da Ilha come\u00e7ou a encher com as pessoas que estavam em nossa final e os coment\u00e1rios na Ilha eram todos sobre a pol\u00eamica no Boi.<\/div>\n<div><\/div>\n<div>Durante a semana Roger, Cadinho e Djalma Falc\u00e3o botaram melodia numa letra pr\u00e9-estabelecida pelo Eloy, que eu tentei mudar de todas as formas. Alegava que estava errada, primeira de samba enorme com segunda que terminava abruptamente e curta, palavras e frases repetidas, mas n\u00e3o adiantou. Eloy era turr\u00e3o e n\u00e3o me ouviu.<\/div>\n<div><\/div>\n<div>O samba ficou assim:<\/div>\n<div><\/div>\n<div><i>Compositores: Aloisio Villar, Paulo Travassos, Roger Linhares, Cadinho da Ilha, Mestre Arer\u00ea, Valfredo, Jorginho Batuqueiro, Patinho, Miguel, Jacar\u00e9 e Wellinton<\/i><\/div>\n<div><\/div>\n<div><i>A vinda do descobridor<\/i><\/div>\n<div><i>Deu vida a imagina\u00e7\u00e3o<\/i><\/div>\n<div><i>Homem branco navega<\/i><\/div>\n<div><i>Em busca de coloniza\u00e7\u00e3o<\/i><\/div>\n<div><i>Encontra o dono da terra<\/i><\/div>\n<div><i>\u00cdndio \u00e9 forte, \u00e9 valente<\/i><\/div>\n<div><i>Vai a luta, entra em guerra<\/i><\/div>\n<div><i>Fui Santa Helena, fui<\/i><\/div>\n<div><i>Senhora D`Assun\u00e7\u00e3o<\/i><\/div>\n<div><i>Portugueses e franceses<\/i><\/div>\n<div><i>Na batalha pelo ch\u00e3o<\/i><\/div>\n<div><i>O Forte S\u00e3o Matheus surgiu<\/i><\/div>\n<div><i>Na agricultura produtos mil<\/i><\/div>\n<div><i>A constru\u00e7\u00e3o naval<\/i><\/div>\n<div><i>E a ind\u00fastria da pesca e sal<\/i><\/div>\n<div><\/div>\n<div><b><i>Joga rede no mar pescador<\/i><\/b><\/div>\n<div><b><i>Agrade\u00e7a o alimento ao criador<\/i><\/b><\/div>\n<div><b><i>Vou mergulhar nessa magia<\/i><\/b><\/div>\n<div><b><i>Quinhentos anos \u00e9 um mar de alegria<\/i><\/b><\/div>\n<div><\/div>\n<div><i>O Sol, em seu nascente, a brisa no ar<\/i><\/div>\n<div><i>No cais meu bem vamos namorar<\/i><\/div>\n<div><i>Curtir a paisagem<\/i><\/div>\n<div><i>Esporte \u00e9 vida, lazer e sa\u00fade<\/i><\/div>\n<div><i>Fonte da juventude<\/i><\/div>\n<div><\/div>\n<div><b><i>Lindas praias, dunas brancas<\/i><\/b><\/div>\n<div><b><i>Cabo Frio \u00e9 beleza sem igual<\/i><\/b><\/div>\n<div><b><i>O rei momo vem brincar Cabofolia<\/i><\/b><\/div>\n<div><b><i>\u00c9 carnaval<\/i><\/b><\/div>\n<div><\/div>\n<div>Essa jun\u00e7\u00e3o com toda certeza foi o maior erro da hist\u00f3ria do Boi da Ilha.<\/div>\n<div><\/div>\n<div>Cadinho da Ilha assumiu o carro de som da escola e chamou Fl\u00e1vio Martins e Gilson Bacana a fim de dividir os microfones com ele. A escola fez um p\u00e9ssimo desfile, n\u00e3o aproveitando o vi\u00e9s de alta que estava com Orun Aye e Holambra e de forma merecida foi rebaixada para o Grupo B &#8211; n\u00e3o retornando mais ao grupo A.<\/div>\n<div><\/div>\n<div>Alguns anos depois descobrimos que a jun\u00e7\u00e3o foi pol\u00edtica. O presidente Eloy contava com uma ajuda de Cabo Frio &#8211; que acabou n\u00e3o ocorrendo.<\/div>\n<div><\/div>\n<div>Uma pena, mas de uma forma dolorosa o Boi aprendeu que samba e pol\u00edtica n\u00e3o devem se misturar.<\/div>\n<div><\/div>\n<div>Pelo menos n\u00e3o deveriam.<\/div>\n<div><\/div>\n<div>E por falar em finais&#8230;<\/div>\n<div><\/div>\n<div>Nessa fase de finais de samba lembrei-me de duas grandes hist\u00f3rias que ocorreram, vistas por mim, e soube de uma \u00f3tima que quero dividir com voc\u00eas.<\/div>\n<div><\/div>\n<div>A primeira ocorreu na final do Boi para o carnaval de 1999: o enredo era \u201cA saga de Kananciu\u00ea na aurora do mundo Caraj\u00e1s\u201d que contava a cria\u00e7\u00e3o do mundo atrav\u00e9s da lenda Caraj\u00e1s.<\/div>\n<div><\/div>\n<div>Foi escolhido um bom samba, o de Carlinhos Fuzil, Marquinhus do Banjo, Mauricio 100, Grilo e Alvinho. Um samba que marcou a escola, meu primeiro desfile na vida, mas que rendeu pol\u00eamica na escolha.<\/div>\n<div><\/div>\n<div>O presidente Eloy n\u00e3o quis dar o resultado, passou o microfone ao locutor. Este anunciou &#8211; e uma grande confus\u00e3o se formou.<\/div>\n<div><\/div>\n<div>Muita gente n\u00e3o aceitava o resultado e um carro da pol\u00edcia parou na frente do Boi. Um dos compositores derrotados saiu da quadra, deu de cara com os policiais e disse: \u201cPodem entrar, os ladr\u00f5es est\u00e3o em cima do palco&#8221;, fazendo refer\u00eancia aos dirigentes da escola.<\/div>\n<div><\/div>\n<div>Essa hist\u00f3ria rende risadas no Boi da Ilha at\u00e9 hoje.<\/div>\n<div><\/div>\n<div>A pr\u00f3xima ocorreu com a gente, fomos as v\u00edtimas.<\/div>\n<div><\/div>\n<div>Na final de 2005, enredo \u201cAs \u00e1guas de Oxal\u00e1\u201d, est\u00e1vamos crentes que vencer\u00edamos. O presidente Eloy passou por um cantor e disse \u201cvou foder o Cadinho\u201d. <\/div>\n<div><\/div>\n<div>Cadinho era o cantor da escola e meu parceiro de samba. Eloy fez o discurso tradicional de resultado, passou o microfone a ele e disse: \u201ccanta o samba do Ginho\u201d.<\/div>\n<div><\/div>\n<div>Ginho, que ganhou o samba da Ilha pra 2013, ganhara com Professor e Nelsinho a disputa. Cadinho, at\u00f4nito, se viu obrigado a cantar o samba enquanto eu sa\u00eda furioso da quadra. Cadinho cantava no palco e Eloy atr\u00e1s dava banana pra ele e falava rindo \u201cFodi o neg\u00e3o\u201d.<\/div>\n<div><\/div>\n<div>E o samba tirou quatro notas dez na avenida, em um grande desfile. \u00c9&#8230; fodeu mesmo. <\/div>\n<div><\/div>\n<div><i>[N.do.E.: talvez por \u00e9tica o colunista n\u00e3o tenha feito a refer\u00eancia, mas a \u201ccabe\u00e7a\u201d deste samba do Boi da Ilha de 2005 tem a melodia id\u00eantica ao in\u00edcio do samba da Portela de 1994. Ali\u00e1s este samba portelense ser\u00e1 reeditado em 2013 pela Uni\u00e3o do Parque Curicica, da S\u00e9rie Ouro]<\/i><\/div>\n<div><\/div>\n<div>O compositor Gugu das Candongas, quatro vezes campe\u00e3o na Ilha e meu parceiro hoje no Boi, recebeu uma miss\u00e3o de um Pai de Santo. <\/div>\n<div><\/div>\n<div>Ele deveria matar um sapo e colocar a letra do maior rival costurada em sua boca na horta da escola. Gugu ficou com pena e comprou um sapo de borracha, como era amigo dos compositores rivais colocou outra letra na boca do sapo. <\/div>\n<div><\/div>\n<div>Na mesma final, seu parceiro Pardal recebeu a miss\u00e3o de arrumar um galo preto, amarrar em sua pata fitas com as letras dos sambas e soltar na porta da escola. Ele comprou o galo e na sa\u00edda da Ilha o galo se soltou dentro do carro &#8211; voando sobre sua cabe\u00e7a e fazendo coc\u00f4. Pardal, assustado, abriu a janela e jogou o galo fora.<\/div>\n<div><\/div>\n<div>Preciso nem dizer que perderam o samba, n\u00e9?<\/div>\n<div><\/div>\n<div>Ah essas finais de samba maravilhosas&#8230; Que hoje seja contada mais uma, inesquec\u00edvel e de prefer\u00eancia com final feliz.<\/div>\n<div><\/div>\n<div><b><i>Pedro Mig\u00e3o <\/i><\/b><\/div>\n<div><\/div>\n<div>Hoje \u00e9 anivers\u00e1rio do meu grande amigo, parceiro e dono dessa baga\u00e7a Pedro Mig\u00e3o. Mig\u00e3o, muita paz, sa\u00fade e felicidade pra voc\u00ea que \u00e9 um cara fant\u00e1stico, de bem e merece s\u00f3 coisas felizes. <\/div>\n<div><\/div>\n<div>Que Deus te d\u00ea for\u00e7as pra mudar o que \u00e9 preciso e sabedoria pra aceitar o que n\u00e3o d\u00e1 e principalmente, que te d\u00ea alegria porque ela \u00e9 que nos move.<\/div>\n<div><\/div>\n<div>E deixe de ser t\u00e3o mala em jogos do Flamengo (risos), abra\u00e7os. Orun Ay\u00e9!<\/div>\n","protected":false},"excerpt":{"rendered":"<p>Neste domingo em que completo 38 anos de idade &#8211; com muito pouco a celebrar, diga-se &#8211; a coluna &#8220;Orun Ay\u00e9&#8221;, do compositor Aloisio Villar,Tour Details<\/p>\n","protected":false},"author":2,"featured_media":0,"comment_status":"open","ping_status":"open","sticky":false,"template":"","format":"standard","meta":{"footnotes":""},"categories":[8],"tags":[75,18,19],"class_list":["post-10857","post","type-post","status-publish","format-standard","hentry","category-orun-aye","tag-boi-da-ilha","tag-carnaval","tag-escolas-de-samba"],"_links":{"self":[{"href":"http:\/\/www.pedromigao.com.br\/ourodetolo\/wp-json\/wp\/v2\/posts\/10857","targetHints":{"allow":["GET"]}}],"collection":[{"href":"http:\/\/www.pedromigao.com.br\/ourodetolo\/wp-json\/wp\/v2\/posts"}],"about":[{"href":"http:\/\/www.pedromigao.com.br\/ourodetolo\/wp-json\/wp\/v2\/types\/post"}],"author":[{"embeddable":true,"href":"http:\/\/www.pedromigao.com.br\/ourodetolo\/wp-json\/wp\/v2\/users\/2"}],"replies":[{"embeddable":true,"href":"http:\/\/www.pedromigao.com.br\/ourodetolo\/wp-json\/wp\/v2\/comments?post=10857"}],"version-history":[{"count":0,"href":"http:\/\/www.pedromigao.com.br\/ourodetolo\/wp-json\/wp\/v2\/posts\/10857\/revisions"}],"wp:attachment":[{"href":"http:\/\/www.pedromigao.com.br\/ourodetolo\/wp-json\/wp\/v2\/media?parent=10857"}],"wp:term":[{"taxonomy":"category","embeddable":true,"href":"http:\/\/www.pedromigao.com.br\/ourodetolo\/wp-json\/wp\/v2\/categories?post=10857"},{"taxonomy":"post_tag","embeddable":true,"href":"http:\/\/www.pedromigao.com.br\/ourodetolo\/wp-json\/wp\/v2\/tags?post=10857"}],"curies":[{"name":"wp","href":"https:\/\/api.w.org\/{rel}","templated":true}]}}