{"id":10856,"date":"2012-11-05T07:47:00","date_gmt":"2012-11-05T09:47:00","guid":{"rendered":"http:\/\/www.pedromigao.com.br\/ourodetolo\/2012\/11\/historia-outros-assuntos-a-ditadura-chilena-e-as-varias-faces-de-pinochet\/"},"modified":"2012-11-05T07:47:00","modified_gmt":"2012-11-05T09:47:00","slug":"historia-outros-assuntos-a-ditadura-chilena-e-as-varias-faces-de-pinochet","status":"publish","type":"post","link":"http:\/\/www.pedromigao.com.br\/ourodetolo\/2012\/11\/historia-outros-assuntos-a-ditadura-chilena-e-as-varias-faces-de-pinochet\/","title":{"rendered":"Hist\u00f3ria &amp; Outros Assuntos: &quot;A ditadura chilena e as v\u00e1rias faces de Pinochet&quot;"},"content":{"rendered":"<div><\/div>\n<p><!--[if gte mso 9]><xml> <w:WordDocument>  <w:View>Normal<\/w:View>  <w:Zoom>0<\/w:Zoom>  <w:HyphenationZone>21<\/w:HyphenationZone>  <w:PunctuationKerning\/>  <w:ValidateAgainstSchemas\/>  <w:SaveIfXMLInvalid>false<\/w:SaveIfXMLInvalid>  <w:IgnoreMixedContent>false<\/w:IgnoreMixedContent>  <w:AlwaysShowPlaceholderText>false<\/w:AlwaysShowPlaceholderText>  <w:Compatibility>   <w:BreakWrappedTables\/>   <w:SnapToGridInCell\/>   <w:WrapTextWithPunct\/>   <w:UseAsianBreakRules\/>   <w:DontGrowAutofit\/>  <\/w:Compatibility>  <w:BrowserLevel>MicrosoftInternetExplorer4<\/w:BrowserLevel> <\/w:WordDocument><\/xml><![endif]--><!--[if gte mso 9]><xml> <w:LatentStyles DefLockedState=\"false\" LatentStyleCount=\"156\"> <\/w:LatentStyles><\/xml><![endif]--><!--[if gte mso 10]>\n\n<style> \/* Style Definitions *\/  table.MsoNormalTable  {mso-style-name:\"Tabela normal\";  mso-tstyle-rowband-size:0;  mso-tstyle-colband-size:0;  mso-style-noshow:yes;  mso-style-parent:\"\";  mso-padding-alt:0cm 5.4pt 0cm 5.4pt;  mso-para-margin:0cm;  mso-para-margin-bottom:.0001pt;  mso-pagination:widow-orphan;  font-size:10.0pt;  font-family:\"Times New Roman\";  mso-ansi-language:#0400;  mso-fareast-language:#0400;  mso-bidi-language:#0400;} <\/style>\n\n<![endif]--><\/p>\n<div>Excepcionalmente nesta segunda, a <b>coluna \u201cHist\u00f3ria &#038; Outros Assuntos\u201d, do Mestre em Hist\u00f3ria Fabr\u00edcio Gomes<\/b>, tra\u00e7a um resumo do painel sobre a ditadura do <strike>carniceiro<\/strike> general Augusto Pinochet, realizado semana passada aqui no Rio de Janeiro.<\/div>\n<div><\/div>\n<div>Teremos tamb\u00e9m aqui o resumo do debate sobre a ditadura argentina, realizado no mesmo evento.<\/div>\n<div><\/div>\n<div><u><i><b>A ditadura chilena e as v\u00e1rias faces de\u00a0Pinochet<\/b><\/i><\/u><\/div>\n<div><\/div>\n<div><i>\u201cN\u00e3o era um dos melhores alunos. Intelectualmente era muito limitado, mas era muito pol\u00edtico\u201d.<\/i><\/div>\n<div><\/div>\n<div>A defini\u00e7\u00e3o dada por Heraldo Mu\u00f1oz, pol\u00edtico, diplomata, embaixador do Chile na ONU e autor de\u00a0\u201c\u00c0 Sombra do Ditador: mem\u00f3rias pol\u00edticas do Chile sob Pinochet\u201d (<a href=\"http:\/\/pedromigao.blogspot.com.br\/2010\/08\/resenha-literaria-sombra-do-ditador.html\" target=\"_blank\">Zahar, 396 p\u00e1ginas, j\u00e1 resenhado neste Ourode Tolo<\/a>) a respeito de Augusto Pinochet, ditador que governou com m\u00e3o-de-ferro o Chile por 17 anos \u00e9 bastante emblem\u00e1tica.<\/div>\n<div><\/div>\n<div><span>\u00a0<\/span>\u00c9 emblem\u00e1tica porque descortina a personalidade do Comandante Supremo da \u201cRevolu\u00e7\u00e3o\u201d\u00a0que dep\u00f4s \u2013 de forma tr\u00e1gica \u2013, em 11 de setembro de 1973, o ent\u00e3o presidente Salvador Allende \u2013 que fora eleito pelo voto popular para ocupar o Pal\u00e1cio de La Moneda, sede do governo, em Santiago.<\/div>\n<div><\/div>\n<div><a href=\"http:\/\/2.bp.blogspot.com\/-_2JagVWzRkA\/UJF-rxM5BMI\/AAAAAAAAGpU\/aUlPp5gJui0\/s1600\/chile1.jpg\" imageanchor=\"1\"><img loading=\"lazy\" decoding=\"async\" border=\"0\" height=\"400\" src=\"http:\/\/www.pedromigao.com.br\/ourodetolo\/wp-content\/uploads\/2012\/11\/chile1.jpg\" width=\"400\"><\/a><\/div>\n<div><\/div>\n<div><!--[if gte mso 9]><xml> <w:WordDocument>  <w:View>Normal<\/w:View>  <w:Zoom>0<\/w:Zoom>  <w:HyphenationZone>21<\/w:HyphenationZone>  <w:PunctuationKerning\/>  <w:ValidateAgainstSchemas\/>  <w:SaveIfXMLInvalid>false<\/w:SaveIfXMLInvalid>  <w:IgnoreMixedContent>false<\/w:IgnoreMixedContent>  <w:AlwaysShowPlaceholderText>false<\/w:AlwaysShowPlaceholderText>  <w:Compatibility>   <w:BreakWrappedTables\/>   <w:SnapToGridInCell\/>   <w:WrapTextWithPunct\/>   <w:UseAsianBreakRules\/>   <w:DontGrowAutofit\/>  <\/w:Compatibility>  <w:BrowserLevel>MicrosoftInternetExplorer4<\/w:BrowserLevel> <\/w:WordDocument><\/xml><![endif]--><!--[if gte mso 9]><xml> <w:LatentStyles DefLockedState=\"false\" LatentStyleCount=\"156\"> <\/w:LatentStyles><\/xml><![endif]--><!--[if gte mso 10]>\n\n<style> \/* Style Definitions *\/  table.MsoNormalTable  {mso-style-name:\"Tabela normal\";  mso-tstyle-rowband-size:0;  mso-tstyle-colband-size:0;  mso-style-noshow:yes;  mso-style-parent:\"\";  mso-padding-alt:0cm 5.4pt 0cm 5.4pt;  mso-para-margin:0cm;  mso-para-margin-bottom:.0001pt;  mso-pagination:widow-orphan;  font-size:10.0pt;  font-family:\"Times New Roman\";  mso-ansi-language:#0400;  mso-fareast-language:#0400;  mso-bidi-language:#0400;} <\/style>\n\n<![endif]--> <\/div>\n<div>Pinochet \u00e9 apresentado como um general militar, com longo tempo de caserna e com uma invej\u00e1vel ficha de servi\u00e7os prestados ao Ex\u00e9rcito chileno. Por\u00e9m sem ser brilhante e digno de destaque at\u00e9 as v\u00e9speras do golpe, em que bombardeou o local onde Allende se encontrava resistindo aos militares.<\/div>\n<div><\/div>\n<div>Mu\u00f1oz tem hist\u00f3rico no processo de luta pela redemocratiza\u00e7\u00e3o no Chile, sendo um de seus l\u00edderes. Foi ferrenho opositor ao regime de exce\u00e7\u00e3o imposto por Pinochet e ap\u00f3s a volta da democracia, chegou a ser secret\u00e1rio de governo do ex-presidente Ricardo Lagos, entre 2000 e 2006. <\/div>\n<div><\/div>\n<div>Na ocasi\u00e3o do golpe, era Supervisor Nacional de Armaz\u00e9ns do povo \u2013 era respons\u00e1vel por levar alimentos \u00e0s comunidades carentes do pa\u00eds. Foi perseguido pela ditadura, andou armado, em esconderijos e algumas vezes foi para os EUA \u2013 numa delas, fez Doutorado em Rela\u00e7\u00f5es Internacionais e se tornou amigo de Condoleezza Rice, Secret\u00e1ria de Estado americano no governo de George W. Bush.<\/div>\n<div><\/div>\n<div>Em 23 de Outubro, no segundo dia de debates da 8\u00aa Quinzena de Literatura Latino-Americana \u2013 evento realizado na Livraria da Travessa do Leblon \u2013 pudemos assistir o relato de Heraldo Mu\u00f1oz, ele mesmo um sobrevivente do regime ditatorial chileno, e tamb\u00e9m entender o panorama social, pol\u00edtico e econ\u00f4mico daquele pa\u00eds.<\/div>\n<div><\/div>\n<div><a href=\"http:\/\/1.bp.blogspot.com\/-mcXfzUretjI\/UJF-tDvxIWI\/AAAAAAAAGpc\/R_I1Bja-SWE\/s1600\/chile3.jpg\" imageanchor=\"1\"><img loading=\"lazy\" decoding=\"async\" border=\"0\" height=\"476\" src=\"http:\/\/www.pedromigao.com.br\/ourodetolo\/wp-content\/uploads\/2012\/11\/chile3.jpg\" width=\"640\"><\/a><\/div>\n<div><\/div>\n<div><!--[if gte mso 9]><xml> <w:WordDocument>  <w:View>Normal<\/w:View>  <w:Zoom>0<\/w:Zoom>  <w:HyphenationZone>21<\/w:HyphenationZone>  <w:PunctuationKerning\/>  <w:ValidateAgainstSchemas\/>  <w:SaveIfXMLInvalid>false<\/w:SaveIfXMLInvalid>  <w:IgnoreMixedContent>false<\/w:IgnoreMixedContent>  <w:AlwaysShowPlaceholderText>false<\/w:AlwaysShowPlaceholderText>  <w:Compatibility>   <w:BreakWrappedTables\/>   <w:SnapToGridInCell\/>   <w:WrapTextWithPunct\/>   <w:UseAsianBreakRules\/>   <w:DontGrowAutofit\/>  <\/w:Compatibility>  <w:BrowserLevel>MicrosoftInternetExplorer4<\/w:BrowserLevel> <\/w:WordDocument><\/xml><![endif]--><!--[if gte mso 9]><xml> <w:LatentStyles DefLockedState=\"false\" LatentStyleCount=\"156\"> <\/w:LatentStyles><\/xml><![endif]--><!--[if gte mso 10]>\n\n<style> \/* Style Definitions *\/  table.MsoNormalTable  {mso-style-name:\"Tabela normal\";  mso-tstyle-rowband-size:0;  mso-tstyle-colband-size:0;  mso-style-noshow:yes;  mso-style-parent:\"\";  mso-padding-alt:0cm 5.4pt 0cm 5.4pt;  mso-para-margin:0cm;  mso-para-margin-bottom:.0001pt;  mso-pagination:widow-orphan;  font-size:10.0pt;  font-family:\"Times New Roman\";  mso-ansi-language:#0400;  mso-fareast-language:#0400;  mso-bidi-language:#0400;} <\/style>\n\n<![endif]--> <\/div>\n<div>Mu\u00f1oz esteve em ambos os lados: na oposi\u00e7\u00e3o a Pinochet e depois como governo, lutando pela justi\u00e7a aos crimes e excessos cometidos pelos militares. O debate\u00a0\u201cA ditadura chilena: Pinochet\u201d\u00a0atendeu esse prop\u00f3sito.<\/div>\n<div><\/div>\n<div>Salvador Allende, que tentara anteriormente ser presidente por tr\u00eas vezes, foi eleito na quarta elei\u00e7\u00e3o que disputou. <\/div>\n<div><\/div>\n<div>Mas n\u00e3o foi uma elei\u00e7\u00e3o f\u00e1cil. Pertencendo a uma coaliz\u00e3o de partidos \u2013 Partido Socialista, Partido Comunista, Partido Radical (social-democrata) e Partido da Esquerda Crist\u00e3 (sa\u00eddo da Democracia Crist\u00e3), foi eleito com aproximadamente 33,5% dos votos \u2013 no Chile n\u00e3o havia segundo turno \u2013 n\u00e3o tendo maioria no Congresso. <\/div>\n<div><\/div>\n<div>Seu principal rival era o Partido da Democracia Crist\u00e3, que tinha mais da metade do Congresso. Mas no cen\u00e1rio mundial sua elei\u00e7\u00e3o representou um marco pol\u00edtico: foi o primeiro presidente socialista eleito democraticamente, entre todas as na\u00e7\u00f5es.<\/div>\n<div><\/div>\n<div>Sua principal proposta era fazer a transi\u00e7\u00e3o do modelo pol\u00edtico para o socialismo, pela via pac\u00edfica, sem pegar em armas. Esse grande feito, por\u00e9m, ganhou tons pol\u00eamicos, j\u00e1 que desde o primeiro minuto ap\u00f3s sua vit\u00f3ria eleitoral, enfrentou a forte oposi\u00e7\u00e3o dos EUA.<\/div>\n<div><\/div>\n<div><a href=\"http:\/\/3.bp.blogspot.com\/-WjcGFfK3wVs\/UJF-t_kYBBI\/AAAAAAAAGpk\/1RlbeGSad8E\/s1600\/chile4.jpg\" imageanchor=\"1\"><img loading=\"lazy\" decoding=\"async\" border=\"0\" height=\"480\" src=\"http:\/\/www.pedromigao.com.br\/ourodetolo\/wp-content\/uploads\/2012\/11\/chile4.jpg\" width=\"640\"><\/a><\/div>\n<div><\/div>\n<div>\u00c9 importante entender o cen\u00e1rio mundial daquele momento: in\u00edcio dos anos 1970, o mundo polarizado entre EUA e URSS. E a Am\u00e9rica Latina j\u00e1 tinha um pa\u00eds socialista: Cuba. A amizade entre Allende e Fidel \u2013 este chegou a presentear o presidente chileno com um fuzil \u2013 adicionou mais p\u00f3lvora num estopim que estava prestes a explodir. <\/div>\n<div><\/div>\n<div>Para os americanos, que n\u00e3o admitiam ter \u201cperdido\u201d\u00a0La Batalla de Gir\u00f3n\u00a0\u2013 a invas\u00e3o da Ba\u00eda dos Porcos \u2013 em Cuba, em abril de 1961, era quest\u00e3o de honra naquele momento, em 1973, n\u00e3o deixar que uma nova \u201cCuba\u201d surgisse na Am\u00e9rica do Sul. Ainda mais ocupando uma posi\u00e7\u00e3o estrat\u00e9gica, com uma invej\u00e1vel extens\u00e3o litor\u00e2nea de mais de seis mil quil\u00f4metros voltados para o Oceano Pac\u00edfico e sendo o maior produtor de cobre \u2013 estrat\u00e9gico para a ind\u00fastria b\u00e9lica \u2013 do mundo. <\/div>\n<div><\/div>\n<div>Para Richard Nixon, ent\u00e3o presidente dos EUA, garantir que o Chile n\u00e3o se tornasse socialista \u2013 e n\u00e3o repetir o \u201cerro\u201d cometido por Kennedy, em 1961, era quest\u00e3o de honra junto \u00e0 opini\u00e3o p\u00fablica. <\/div>\n<div><\/div>\n<div>Mu\u00f1oz discorda da preocupa\u00e7\u00e3o americana:\u00a0\u201cO Chile n\u00e3o pensava em se tornar um sat\u00e9lite sovi\u00e9tico na Am\u00e9rica do Sul. N\u00e3o pens\u00e1vamos nisso. T\u00ednhamos a preocupa\u00e7\u00e3o com a Pol\u00edtica Social. N\u00e3o era de nosso interesse a alian\u00e7a com pot\u00eancias externas\u201d. Sobre a amizade de Allende com Fidel, o escritor afirma:\u00a0\u201cO que existia era apenas uma miss\u00e3o \u201crom\u00e2ntica\u201d, de solidariedade, com Cuba.\u201d<\/div>\n<div><\/div>\n<div>Para Mu\u00f1oz, a participa\u00e7\u00e3o dos EUA no golpe foi importante, por\u00e9m n\u00e3o foi decisiva, j\u00e1 que existia uma grande polariza\u00e7\u00e3o interna no pa\u00eds, com muitas fam\u00edlias divididas sobre os rumos tomados e, principalmente, havia quase um consenso entre os chefes das For\u00e7as Armadas \u2013 o vice-almirante Jose Toribio Merino e o comandante-chefe da For\u00e7a A\u00e9rea, Gustavo Leigh \u2013 de que Allende precisava ser removido da Presid\u00eancia. <\/div>\n<div><\/div>\n<div>Um consenso at\u00e9 certo ponto, j\u00e1 que o general Carlos Prats, ent\u00e3o Comandante-em-Chefe das For\u00e7as Armadas chilenas \u2013 e legalista -, renunciara ao posto por n\u00e3o concordar com o golpe. <\/div>\n<div><\/div>\n<div>Pinochet, que assumira seu lugar, at\u00e9 ent\u00e3o se mantinha neutro, apol\u00edtico e leal a Allende \u2013 fora por ele nomeado ao cargo. O convencimento a Pinochet para que aderisse ao golpe s\u00f3 ocorrera nos \u00faltimos instantes. <\/div>\n<div><\/div>\n<div>At\u00e9 mesmo Allende, quando se viu acuado em meio aos bombardeios ao Palacio de La Moneda, n\u00e3o tinha id\u00e9ia de que seu antigo aliado j\u00e1 tinha cedido e estava do outro lado. Ao telefonar insistentemente a Pinochet e n\u00e3o encontr\u00e1-lo \u2013 o general, propositalmente havia \u201csumido\u201d momentos antes ao bombardeio -, o presidente exclamou: \u201cCoitado do Pinochet! A essa altura dos acontecimentos, j\u00e1 deve estar preso!\u201d<\/div>\n<div><\/div>\n<div><a href=\"http:\/\/1.bp.blogspot.com\/-CFNUNEW0wJ4\/UJF-uYLvPBI\/AAAAAAAAGps\/KDgjeK1LvZ0\/s1600\/chile5.jpg\" imageanchor=\"1\"><img loading=\"lazy\" decoding=\"async\" border=\"0\" height=\"412\" src=\"http:\/\/www.pedromigao.com.br\/ourodetolo\/wp-content\/uploads\/2012\/11\/chile5.jpg\" width=\"640\"><\/a><\/div>\n<div><\/div>\n<div><!--[if gte mso 9]><xml> <w:WordDocument>  <w:View>Normal<\/w:View>  <w:Zoom>0<\/w:Zoom>  <w:HyphenationZone>21<\/w:HyphenationZone>  <w:PunctuationKerning\/>  <w:ValidateAgainstSchemas\/>  <w:SaveIfXMLInvalid>false<\/w:SaveIfXMLInvalid>  <w:IgnoreMixedContent>false<\/w:IgnoreMixedContent>  <w:AlwaysShowPlaceholderText>false<\/w:AlwaysShowPlaceholderText>  <w:Compatibility>   <w:BreakWrappedTables\/>   <w:SnapToGridInCell\/>   <w:WrapTextWithPunct\/>   <w:UseAsianBreakRules\/>   <w:DontGrowAutofit\/>  <\/w:Compatibility>  <w:BrowserLevel>MicrosoftInternetExplorer4<\/w:BrowserLevel> <\/w:WordDocument><\/xml><![endif]--><!--[if gte mso 9]><xml> <w:LatentStyles DefLockedState=\"false\" LatentStyleCount=\"156\"> <\/w:LatentStyles><\/xml><![endif]--><!--[if gte mso 10]>\n\n<style> \/* Style Definitions *\/  table.MsoNormalTable  {mso-style-name:\"Tabela normal\";  mso-tstyle-rowband-size:0;  mso-tstyle-colband-size:0;  mso-style-noshow:yes;  mso-style-parent:\"\";  mso-padding-alt:0cm 5.4pt 0cm 5.4pt;  mso-para-margin:0cm;  mso-para-margin-bottom:.0001pt;  mso-pagination:widow-orphan;  font-size:10.0pt;  font-family:\"Times New Roman\";  mso-ansi-language:#0400;  mso-fareast-language:#0400;  mso-bidi-language:#0400;} <\/style>\n\n<![endif]--> <\/div>\n<div>Segundo Mu\u00f1oz, provavelmente o golpe teria sido realizado, mesmo sem ajuda dos americanos. Ao comparar a ditadura chilena com a que ocorreu na Argentina, Mu\u00f1oz afirmou que Jorge Videla n\u00e3o tivera o mesmo apoio que Pinochet tivera dos EUA. Isto se deve certamente pela mudan\u00e7a na pol\u00edtica externa americana, que a partir de 1977, com um Democrata ocupando a Casa Branca, pendeu pela preocupa\u00e7\u00e3o com os direitos humanos.<\/div>\n<div><\/div>\n<div>Entretanto, se antes era arredio ao fato de participar de um levante contra seu pr\u00f3prio governo, ap\u00f3s os acontecimentos de 11 de setembro a personalidade de Pinochet muda. O general sofre uma transforma\u00e7\u00e3o e o golpe adquire uma conota\u00e7\u00e3o personalista. <\/div>\n<div><\/div>\n<div>Para Mu\u00f1oz, o general, de fato, tinha aspira\u00e7\u00f5es em transformar o pa\u00eds. E uma dessas transforma\u00e7\u00f5es aconteceu na economia, com os\u00a0Chicago Boys\u00a0\u2013 um grupo de aproximadamente 25 jovens economistas chilenos, p\u00f3s-graduados na Universidade de Chicago, que formularam uma pol\u00edtica econ\u00f4mica com base no pensamento neoliberal, sob a cartilha aprendida com os ensinamentos do economista americano Milton Friedman. <\/div>\n<div><\/div>\n<div>O Chile se modernizou, suas institui\u00e7\u00f5es ganharam respaldo e geraram confian\u00e7a no mercado externo, alavancando exporta\u00e7\u00f5es. Mas analisando com mais cuidado, os n\u00fameros n\u00e3o s\u00e3o t\u00e3o animadores, j\u00e1 que entre 1972 e 1987, o Produto Nacional Bruto per capita do pa\u00eds caiu 6,4% em d\u00f3lares constantes, caindo de US$ 3.600 em 1973 para 3.170 em 1993. <\/div>\n<div><\/div>\n<div>A aplica\u00e7\u00e3o do modelo neoliberal \u00e0 economia chilena se antecipou em dez anos ao mesmo modelo que seria implantado na Inglaterra por Margaret Thatcher. Mas mesmo com a economia entregue aos\u00a0Chicago Boys, o cobre chileno continuou estatal \u2013 at\u00e9 hoje, 10% dos lucros das exporta\u00e7\u00f5es do cobre s\u00e3o destinados ao Ex\u00e9rcito.<\/div>\n<div><\/div>\n<div>No plano internacional, as rela\u00e7\u00f5es com os americanos come\u00e7aram a azedar a partir de 1976, quando agentes secretos da\u00a0Direcci\u00f3n de Inteligencia Nacional\u00a0(DINA) \u2013 pol\u00edcia pol\u00edtica do regime chileno \u2013 assassinaram Orlando Letelier (ex chanceler de Allende) em Washington, a menos de um quil\u00f4metro da Casa Branca.<\/div>\n<div><\/div>\n<div>Quando comparados os regimes ditatoriais na Am\u00e9rica do Sul, inevitavelmente\u00a0ainda persistem questionamentos sobre o total de mortos e desparecidos, vitimados pelas ditaduras. <\/div>\n<div><\/div>\n<div>No Brasil, segundo o grupo Tortura Nunca Mais, foram 435 mortos; na Argentina o n\u00famero estimado varia de sete a oito mil mortos \u2013 no debate anterior, Ceferino Reato, autor do livro sobre os relatos de Videla, recha\u00e7ou o n\u00famero de 30 mil mortos, que considera exagerado e utilizado apenas como bandeira pol\u00edtica.<\/div>\n<div><\/div>\n<div><a href=\"http:\/\/2.bp.blogspot.com\/-0p2KyCcQrOs\/UJF-vSJBcOI\/AAAAAAAAGpw\/zaX2OuPeOlM\/s1600\/chile6.jpg\" imageanchor=\"1\"><img loading=\"lazy\" decoding=\"async\" border=\"0\" height=\"408\" src=\"http:\/\/www.pedromigao.com.br\/ourodetolo\/wp-content\/uploads\/2012\/11\/chile6.jpg\" width=\"640\"><\/a><\/div>\n<div><\/div>\n<div><!--[if gte mso 9]><xml> <w:WordDocument>  <w:View>Normal<\/w:View>  <w:Zoom>0<\/w:Zoom>  <w:HyphenationZone>21<\/w:HyphenationZone>  <w:PunctuationKerning\/>  <w:ValidateAgainstSchemas\/>  <w:SaveIfXMLInvalid>false<\/w:SaveIfXMLInvalid>  <w:IgnoreMixedContent>false<\/w:IgnoreMixedContent>  <w:AlwaysShowPlaceholderText>false<\/w:AlwaysShowPlaceholderText>  <w:Compatibility>   <w:BreakWrappedTables\/>   <w:SnapToGridInCell\/>   <w:WrapTextWithPunct\/>   <w:UseAsianBreakRules\/>   <w:DontGrowAutofit\/>  <\/w:Compatibility>  <w:BrowserLevel>MicrosoftInternetExplorer4<\/w:BrowserLevel> <\/w:WordDocument><\/xml><![endif]--><!--[if gte mso 9]><xml> <w:LatentStyles DefLockedState=\"false\" LatentStyleCount=\"156\"> <\/w:LatentStyles><\/xml><![endif]--><!--[if gte mso 10]>\n\n<style> \/* Style Definitions *\/  table.MsoNormalTable  {mso-style-name:\"Tabela normal\";  mso-tstyle-rowband-size:0;  mso-tstyle-colband-size:0;  mso-style-noshow:yes;  mso-style-parent:\"\";  mso-padding-alt:0cm 5.4pt 0cm 5.4pt;  mso-para-margin:0cm;  mso-para-margin-bottom:.0001pt;  mso-pagination:widow-orphan;  font-size:10.0pt;  font-family:\"Times New Roman\";  mso-ansi-language:#0400;  mso-fareast-language:#0400;  mso-bidi-language:#0400;} <\/style>\n\n<![endif]--> <\/div>\n<div>E no Chile? <\/div>\n<div><\/div>\n<div>Segundo Heraldo Mu\u00f1oz, gra\u00e7as ao acompanhamento realizado pela Igreja Cat\u00f3lica chilena \u2013\u00a0\u201co melhor centro de dados sobre mortos e desaparecidos na Am\u00e9rica Latina\u201d\u00a0-, defensora dos direitos humanos no pa\u00eds, o n\u00famero contabilizado aponta para 3.200 pessoas, entre mortos e desaparecidos, e aproximadamente 80 mil pessoas que sofreram algum tipo de tortura ou persegui\u00e7\u00e3o pol\u00edtica. Vale um adendo: diferente do Chile, a Igreja Cat\u00f3lica argentina foi partid\u00e1ria do golpe e mantinha rela\u00e7\u00f5es amistosas com os militares argentinos.<\/div>\n<div><\/div>\n<div>No Chile atualmente h\u00e1 repara\u00e7\u00e3o \u00e0s v\u00edtimas da opress\u00e3o, mesmo que seja com\u00a0um valor simb\u00f3lico \u2013 em m\u00e9dia, o equivalente a 200 d\u00f3lares para cada pessoa. Mas mesmo assim, \u00e9 emblem\u00e1tico perceber a quest\u00e3o da mem\u00f3ria do regime, que ainda persiste. <\/div>\n<div><\/div>\n<div>Ao deixar o governo, ap\u00f3s 17 anos comandando o pa\u00eds, Pinochet foi eleito senador vital\u00edcio. Quando retornou ao Chile, extraditado, em mar\u00e7o de 2000, viu uma multid\u00e3o de pessoas que foram ao aeroporto receb\u00ea-lo \u2013 numa demonstra\u00e7\u00e3o da exist\u00eancia das \u201cvi\u00favas\u201d do regime, saudosistas do ex-ditador. E at\u00e9 hoje a quest\u00e3o da mem\u00f3ria gerada pelo que o regime deixou \u00e9 bastante dividida.<\/div>\n","protected":false},"excerpt":{"rendered":"<p>Excepcionalmente nesta segunda, a coluna \u201cHist\u00f3ria &#038; Outros Assuntos\u201d, do Mestre em Hist\u00f3ria Fabr\u00edcio Gomes, tra\u00e7a um resumo do painel sobre a ditadura do carniceiroTour Details<\/p>\n","protected":false},"author":2,"featured_media":0,"comment_status":"open","ping_status":"open","sticky":false,"template":"","format":"standard","meta":{"footnotes":""},"categories":[22],"tags":[35,51],"class_list":["post-10856","post","type-post","status-publish","format-standard","hentry","category-cacique-de-ramos","tag-historia","tag-politica-internacional"],"_links":{"self":[{"href":"http:\/\/www.pedromigao.com.br\/ourodetolo\/wp-json\/wp\/v2\/posts\/10856","targetHints":{"allow":["GET"]}}],"collection":[{"href":"http:\/\/www.pedromigao.com.br\/ourodetolo\/wp-json\/wp\/v2\/posts"}],"about":[{"href":"http:\/\/www.pedromigao.com.br\/ourodetolo\/wp-json\/wp\/v2\/types\/post"}],"author":[{"embeddable":true,"href":"http:\/\/www.pedromigao.com.br\/ourodetolo\/wp-json\/wp\/v2\/users\/2"}],"replies":[{"embeddable":true,"href":"http:\/\/www.pedromigao.com.br\/ourodetolo\/wp-json\/wp\/v2\/comments?post=10856"}],"version-history":[{"count":0,"href":"http:\/\/www.pedromigao.com.br\/ourodetolo\/wp-json\/wp\/v2\/posts\/10856\/revisions"}],"wp:attachment":[{"href":"http:\/\/www.pedromigao.com.br\/ourodetolo\/wp-json\/wp\/v2\/media?parent=10856"}],"wp:term":[{"taxonomy":"category","embeddable":true,"href":"http:\/\/www.pedromigao.com.br\/ourodetolo\/wp-json\/wp\/v2\/categories?post=10856"},{"taxonomy":"post_tag","embeddable":true,"href":"http:\/\/www.pedromigao.com.br\/ourodetolo\/wp-json\/wp\/v2\/tags?post=10856"}],"curies":[{"name":"wp","href":"https:\/\/api.w.org\/{rel}","templated":true}]}}