{"id":10855,"date":"2012-11-06T06:59:00","date_gmt":"2012-11-06T08:59:00","guid":{"rendered":"http:\/\/www.pedromigao.com.br\/ourodetolo\/2012\/11\/resenha-literaria-cadernos-de-samba\/"},"modified":"2013-05-15T12:28:48","modified_gmt":"2013-05-15T15:28:48","slug":"resenha-literaria-cadernos-de-samba","status":"publish","type":"post","link":"http:\/\/www.pedromigao.com.br\/ourodetolo\/2012\/11\/resenha-literaria-cadernos-de-samba\/","title":{"rendered":"Resenha Liter\u00e1ria &#8211; &quot;Cadernos de Samba&quot;"},"content":{"rendered":"<div><\/div>\n<div>Quarta feira passada estive no lan\u00e7amento da s\u00e9rie &#8220;Cadernos de Samba&#8221;, s\u00e9rie de pequenos livros que visam a resgatar a mem\u00f3ria do carnaval carioca e especialmente das nossas escolas de samba. Coordenada pelo jornalista Aydano Andr\u00e9 Motta, os livros buscam registrar uma hist\u00f3ria que, muitas vezes, acaba se perdendo com a morte dos sambistas mais antigos das agremia\u00e7\u00f5es.<\/div>\n<div><\/div>\n<div>Os tr\u00eas primeiros livros s\u00e3o &#8220;Tantas P\u00e1ginas Belas&#8221;, sobre a Portela, do historiador Luiz Antonio Simas; &#8220;Maravilhosa e Soberana&#8221;, do j\u00e1 citado Aydano, sobre a Beija Flor, e finalizando &#8220;Marcadas para Viver&#8221;, do jornalista Jo\u00e3o Pimentel. Este \u00faltimo conta a saga de cinco escolas pequenas: Unidos de Lucas, Em Cima da Hora, Vizinha Faladeira (onde j\u00e1 desfilei, em 2008), Unidos do Jacarezinho e a extinta Tupy de Braz de Pina.<\/div>\n<div><\/div>\n<div>O lan\u00e7amento, na Livraria da Travessa do Shopping Leblon, contou com a presen\u00e7a de jornalistas, formadores de opini\u00e3o do carnaval e representantes das escolas enfocadas. A se lamentar a aus\u00eancia da Portela, representada de forma n\u00e3o oficial apenas por tr\u00eas integrantes do site PortelaWeb &#8211; entre os quais este blogueiro, por Mestre Monarco, pelo autor do samba de 2013 Luiz Carlos M\u00e1ximo e pelo s\u00f3cio Marcos Vieira de Souza, conhecido pelo apelido de &#8220;Falcon&#8221; &#8211; e que \u00e9 esposo da porta bandeira da Beija Flor Selminha Sorriso.<\/div>\n<div><\/div>\n<div>Para o leitor ter uma ideia, somente a Beija Flor trouxe tr\u00eas \u00f4nibus com componentes para prestigiar o lan\u00e7amento. Outro exemplo \u00e9 que eu tive a oportunidade de conversar com o Presidente da Unidos de Lucas, tamb\u00e9m representado de forma oficial.<\/div>\n<div><\/div>\n<div>Os livros (na foto, da esquerda para a direita, Simas, Pimentel e Aydano) tem formato pouco maior que uma edi\u00e7\u00e3o de bolso e tem cada um deles cerca de 120 p\u00e1ginas. Escritos em uma linguagem acess\u00edvel, s\u00e3o lidos rapidamente &#8211; eu levei cerca de duas horas para completar a leitura no \u00faltimo s\u00e1bado.<\/div>\n<div><\/div>\n<div>A noite tamb\u00e9m contou com a presen\u00e7a do Prefeito Eduardo Paes &#8211; que chegou depois que eu havia sa\u00eddo &#8211; e teve cobertura televisiva e de sites especializados. Inclusive em uma das mat\u00e9rias, que\u00a0pode\u00a0ser vista no Youtube, Luiz Antonio Simas chega a afirmar que sem a Portela o desfile tal como conhecemos talvez n\u00e3o existisse desta forma.<\/div>\n<div><\/div>\n<div>Fa\u00e7o abaixo uma pequena resenha de cada um deles, pela ordem de leitura.<\/div>\n<div><\/div>\n<div><b>Tantas P\u00e1ginas Belas<\/b><\/div>\n<div><\/div>\n<div>Simas optou por contar a hist\u00f3ria da \u00e1guia altaneira a partir da forma\u00e7\u00e3o do sub\u00farbio de Oswaldo Cruz, base da escola. Ao contr\u00e1rio de outras agremia\u00e7\u00f5es a Portela \u00e9 uma &#8220;escola de plan\u00edcie&#8221;, ou seja, n\u00e3o est\u00e1 baseada em nenhum morro.<\/div>\n<div><\/div>\n<div>S\u00e3o mostradas as circunst\u00e2ncias de forma\u00e7\u00e3o da agremia\u00e7\u00e3o, os bons tempos de Natal &#8211; que ganha uma esp\u00e9cie de mini perfil bastante interessante, as grandes crises e o momento de renascimento da escola trazido pelas feijoadas da Velha Guarda e outras iniciativas semelhantes.<\/div>\n<div><\/div>\n<div>Este blogueiro e o Ouro de Tolo s\u00e3o citados como refer\u00eancia bibliogr\u00e1fica, <a href=\"http:\/\/pedromigao.blogspot.com.br\/2010\/11\/samba-de-terca-nos-podemos-oito-ideias.html\" target=\"_blank\">em especial a coluna &#8220;Samba de Ter\u00e7a&#8221; que escrevi sobre o desastroso desfile de 2005<\/a>. \u00c9 um fato que muito me honra.<\/div>\n<div><\/div>\n<div>O site PortelaWeb, do qual fa\u00e7o parte da equipe, tamb\u00e9m foi uma fonte de pesquisa valiosa. \u00c9 um belo exemplar \u00e0queles que pretendem conhecer um pouco da bela hist\u00f3ria da minha escola.<\/div>\n<div><\/div>\n<div><b>Maravilhosa e Soberana<\/b><\/div>\n<div><\/div>\n<div>Aydano Andr\u00e9 Motta &#8211; que, devo avisar aos leitores, \u00e9 fan\u00e1tico torcedor da escola de Nil\u00f3polis, a ponto de achar que o t\u00edtulo de 2003 foi justo (risos) &#8211; optou por uma leitura mista: ao mesmo tempo em que mostra a hist\u00f3ria da agremia\u00e7\u00e3o (que eu mesmo n\u00e3o conhecia), tamb\u00e9m conta um pouco do &#8220;modo Beija Flor de desfilar&#8221;, que \u00e9 quase religioso, messi\u00e2nico.<\/div>\n<div><\/div>\n<div>Alternando passado e presente, tradi\u00e7\u00e3o e modernidade, Aydano ajuda a desnudar este fen\u00f4meno representado pela sua comunidade e sua devo\u00e7\u00e3o \u00e0 escola, a seu patrono e seus comandantes. O modelo de carnaval representado pela azul e branca, confesso, n\u00e3o me agrada totalmente, mas tem de ser respeitado. \u00c9 um misto de &#8220;despotismo esclarecido&#8221; com paix\u00e3o genu\u00edna de seus integrantes, que resultou em uma receita muito vitoriosa.<\/div>\n<div><\/div>\n<div>O autor tamb\u00e9m conta hist\u00f3rias como as de La\u00edla, Jo\u00e3ozinho Trinta, An\u00edsio Abra\u00e3o David e o carnavalesco Milton Cunha, entre outros. Pelo menos para mim, que conhe\u00e7o pouco o que ocorre na escola fora dos 82 minutos de avenida, se\u00a0mostrou\u00a0um valioso documento &#8211; aprendi bastante, e, somado ao que vi no lan\u00e7amento, passei a admirar a organiza\u00e7\u00e3o e a for\u00e7a da agremia\u00e7\u00e3o.<\/div>\n<div><\/div>\n<div>Apesar de ser um livro escrito por um apaixonado, h\u00e1 ligeiras cr\u00edticas ao adesismo pol\u00edtico da Beija Flor &#8211; que tem dois a meu ver inacredit\u00e1veis enredos defendendo o Regime Militar nos Anos 70 e, recentemente, homenageou o Governo Lula. Aydano tamb\u00e9m demonstra preocupa\u00e7\u00e3o com a sucess\u00e3o na escola.<\/div>\n<div><\/div>\n<div>\n<div><\/div>\n<p><b> Marcadas para Viver <\/b><\/p>\n<p>Contar a hist\u00f3ria de cinco pequenas agremia\u00e7\u00f5es deu um certo trabalho de pesquisa ao autor Jo\u00e3o Pimentel. Os registros escritos s\u00e3o muito t\u00eanues e os detentores da hist\u00f3ria oral nem sempre se encontravam dispon\u00edveis.<\/p>\n<p>A hist\u00f3ria de cada uma das agremia\u00e7\u00f5es \u00e9 contada de forma a entender o porqu\u00ea de n\u00e3o terem se firmado no grupo das grandes, bem como resgatar sambas como &#8220;Os Sert\u00f5es&#8221;, da Em Cima da Hora, &#8220;Sublime Pergaminho&#8221;, de Lucas (ambos enfocados na s\u00e9rie &#8220;Samba de Ter\u00e7a&#8221; deste blog) e &#8220;Seca do Nordeste&#8221;, da Tupy de Braz de Pina &#8211; acima em vers\u00e3o com Clara Nunes.<\/p>\n<p>Algo que impressiona nas hist\u00f3rias contadas \u00e9 a rela\u00e7\u00e3o com a quest\u00e3o da viol\u00eancia. Lucas, Tupy, Vizinha Faladeira e o Jacarezinho foram muito afetados por esta quest\u00e3o em algum momento.<\/p>\n<p>Tamb\u00e9m se contam vers\u00f5es conflitantes da escolha de &#8220;Os Sert\u00f5es&#8221;, para mim o maior samba de enredo da hist\u00f3ria do carnaval carioca.<\/p>\n<p>O livro tem alguns equ\u00edvocos de datas: a Vizinha desfilou com o enredo sobre Gilberto Gil em 2004 e n\u00e3o 2005, quando foi rebaixada &#8211; inclusive fui finalista de samba daquele ano. E a homenagem de Lucas a Elisete Cardoso foi em 1974, n\u00e3o 75.<\/p>\n<p>Mas \u00e9 documento indispens\u00e1vel para aqueles que pensam que as escolas de samba se resumem ao &#8220;mundo encantado da Sapuca\u00ed&#8221;.<\/p>\n<p>Em resumo, os tr\u00eas livros valem bastante a pena. Recomendo.<\/p>\n<div><\/div>\n<p><b> Cine Debate PortelaWeb <\/b><\/p>\n<p>Acabei n\u00e3o conseguindo escrever o post na semana passada, mas quero registrar aqui a iniciativa do Centro Cultural Cartola e do site PortelaWeb de trazer alguns dos principais personagens do desfile de 95 para relembrar a prepara\u00e7\u00e3o do mesmo e falar um pouco sobre o carnaval atual.<\/p>\n<p>Diga-se de passagem, o acervo do Centro Cultural sobre o carnaval (que eu n\u00e3o conhecia) e sobre o grande g\u00eanio Cartola s\u00e3o dignas de aplausos, com\u00a0itens\u00a0representativos.<\/p>\n<p>O v\u00eddeo acima, com cerca de nove minutos, fala sobre a bateria de 95 &#8211; e a ent\u00e3o in\u00e9dita &#8220;paradinha&#8221; na Portela &#8211; e sobre o trabalho do mestre sala Jer\u00f4nimo, que ali\u00e1s deu \u00f3timas declara\u00e7\u00f5es durante o debate.<\/p>\n<p>\u00d3tima iniciativa.<\/p>\n<p><b><i>Promo\u00e7\u00e3o<\/i><\/b><\/p>\n<p>Pensa que acabou, leitor?<\/p>\n<p>O Ouro de Tolo tem tr\u00eas exemplares autografados dos livros para sortear: um de cada. Para participar baixa deixar na \u00e1rea de coment\u00e1rios deste post nome completo, cidade, e-mail, escola de samba pela qual torce e indicar qual dos livros gostaria de ganhar.<\/p>\n<p>Publicarei o resultado na pr\u00f3xima segunda feira, dia 12. Participe!<\/p>\n<\/div>\n","protected":false},"excerpt":{"rendered":"<p>Quarta feira passada estive no lan\u00e7amento da s\u00e9rie &#8220;Cadernos de Samba&#8221;, s\u00e9rie de pequenos livros que visam a resgatar a mem\u00f3ria do carnaval carioca eTour Details<\/p>\n","protected":false},"author":2,"featured_media":0,"comment_status":"open","ping_status":"open","sticky":false,"template":"","format":"standard","meta":{"footnotes":""},"categories":[289],"tags":[63,18,12,19,73,49,74],"class_list":["post-10855","post","type-post","status-publish","format-standard","hentry","category-pedro-migao","tag-beija-flor","tag-carnaval","tag-cultura","tag-escolas-de-samba","tag-livros","tag-portela","tag-resenha-literaria"],"_links":{"self":[{"href":"http:\/\/www.pedromigao.com.br\/ourodetolo\/wp-json\/wp\/v2\/posts\/10855","targetHints":{"allow":["GET"]}}],"collection":[{"href":"http:\/\/www.pedromigao.com.br\/ourodetolo\/wp-json\/wp\/v2\/posts"}],"about":[{"href":"http:\/\/www.pedromigao.com.br\/ourodetolo\/wp-json\/wp\/v2\/types\/post"}],"author":[{"embeddable":true,"href":"http:\/\/www.pedromigao.com.br\/ourodetolo\/wp-json\/wp\/v2\/users\/2"}],"replies":[{"embeddable":true,"href":"http:\/\/www.pedromigao.com.br\/ourodetolo\/wp-json\/wp\/v2\/comments?post=10855"}],"version-history":[{"count":0,"href":"http:\/\/www.pedromigao.com.br\/ourodetolo\/wp-json\/wp\/v2\/posts\/10855\/revisions"}],"wp:attachment":[{"href":"http:\/\/www.pedromigao.com.br\/ourodetolo\/wp-json\/wp\/v2\/media?parent=10855"}],"wp:term":[{"taxonomy":"category","embeddable":true,"href":"http:\/\/www.pedromigao.com.br\/ourodetolo\/wp-json\/wp\/v2\/categories?post=10855"},{"taxonomy":"post_tag","embeddable":true,"href":"http:\/\/www.pedromigao.com.br\/ourodetolo\/wp-json\/wp\/v2\/tags?post=10855"}],"curies":[{"name":"wp","href":"https:\/\/api.w.org\/{rel}","templated":true}]}}